{"id":176,"date":"2015-06-15T17:18:54","date_gmt":"2015-06-15T17:18:54","guid":{"rendered":"http:\/\/brocanta.fr\/?p=176"},"modified":"2015-06-15T17:21:52","modified_gmt":"2015-06-15T17:21:52","slug":"robe-bleue-dete","status":"publish","type":"post","link":"https:\/\/brocanta.fr\/?p=176","title":{"rendered":"robe bleue d&rsquo;\u00e9t\u00e9"},"content":{"rendered":"<p><a href=\"https:\/\/brocanta.fr\/wp-content\/uploads\/2015\/06\/DSCN1676.jpg\"><img loading=\"lazy\" decoding=\"async\" class=\"  wp-image-179 alignright\" src=\"https:\/\/brocanta.fr\/wp-content\/uploads\/2015\/06\/DSCN1676.jpg\" alt=\"DSCN1676\" width=\"200\" height=\"112\" \/><\/a>Robe bleue d&rsquo;\u00e9t\u00e9 griff\u00e9e Catherine\u00a0 Salvet pour Philippe\u00a0 Salvet, aux poches originales , blanches \u00e0 l&rsquo;int\u00e9rieur.<br \/>\ntaille : 42<br \/>\nprix : 20 \u20ac<\/p>\n<hr \/>\n<p><a href=\"https:\/\/brocanta.fr\/wp-content\/uploads\/2015\/06\/DSCN1675.jpg\"><img loading=\"lazy\" decoding=\"async\" class=\"  wp-image-177 alignright\" src=\"https:\/\/brocanta.fr\/wp-content\/uploads\/2015\/06\/DSCN1675-169x300.jpg\" alt=\"DSCN1675\" width=\"151\" height=\"268\" srcset=\"https:\/\/brocanta.fr\/wp-content\/uploads\/2015\/06\/DSCN1675-169x300.jpg 169w, https:\/\/brocanta.fr\/wp-content\/uploads\/2015\/06\/DSCN1675-576x1024.jpg 576w, https:\/\/brocanta.fr\/wp-content\/uploads\/2015\/06\/DSCN1675.jpg 1080w\" sizes=\"auto, (max-width: 151px) 100vw, 151px\" \/><\/a><\/p>\n<hr \/>\n<p>&nbsp;<\/p>\n","protected":false},"excerpt":{"rendered":"<p>Robe bleue d&rsquo;\u00e9t\u00e9 griff\u00e9e Catherine\u00a0 Salvet pour Philippe\u00a0 Salvet, aux poches originales , blanches \u00e0 l&rsquo;int\u00e9rieur. taille : 42 prix : 20 \u20ac &nbsp;<\/p>\n","protected":false},"author":1,"featured_media":0,"comment_status":"closed","ping_status":"closed","sticky":false,"template":"","format":"standard","meta":{"footnotes":""},"categories":[44,54],"tags":[46],"class_list":["post-176","post","type-post","status-publish","format-standard","hentry","category-brocante","category-textiles-vintage","tag-textiles-vintage"],"_links":{"self":[{"href":"https:\/\/brocanta.fr\/index.php?rest_route=\/wp\/v2\/posts\/176","targetHints":{"allow":["GET"]}}],"collection":[{"href":"https:\/\/brocanta.fr\/index.php?rest_route=\/wp\/v2\/posts"}],"about":[{"href":"https:\/\/brocanta.fr\/index.php?rest_route=\/wp\/v2\/types\/post"}],"author":[{"embeddable":true,"href":"https:\/\/brocanta.fr\/index.php?rest_route=\/wp\/v2\/users\/1"}],"replies":[{"embeddable":true,"href":"https:\/\/brocanta.fr\/index.php?rest_route=%2Fwp%2Fv2%2Fcomments&post=176"}],"version-history":[{"count":4,"href":"https:\/\/brocanta.fr\/index.php?rest_route=\/wp\/v2\/posts\/176\/revisions"}],"predecessor-version":[{"id":183,"href":"https:\/\/brocanta.fr\/index.php?rest_route=\/wp\/v2\/posts\/176\/revisions\/183"}],"wp:attachment":[{"href":"https:\/\/brocanta.fr\/index.php?rest_route=%2Fwp%2Fv2%2Fmedia&parent=176"}],"wp:term":[{"taxonomy":"category","embeddable":true,"href":"https:\/\/brocanta.fr\/index.php?rest_route=%2Fwp%2Fv2%2Fcategories&post=176"},{"taxonomy":"post_tag","embeddable":true,"href":"https:\/\/brocanta.fr\/index.php?rest_route=%2Fwp%2Fv2%2Ftags&post=176"}],"curies":[{"name":"wp","href":"https:\/\/api.w.org\/{rel}","templated":true}]}}