{"id":2445,"date":"2016-12-05T21:43:42","date_gmt":"2016-12-05T21:43:42","guid":{"rendered":"http:\/\/brocanta.fr\/?p=2445"},"modified":"2016-12-05T21:46:25","modified_gmt":"2016-12-05T21:46:25","slug":"paire-de-fauteuils-dossier-medaillon-style-louis-xvi","status":"publish","type":"post","link":"https:\/\/brocanta.fr\/?p=2445","title":{"rendered":"Paire de fauteuils , dossier m\u00e9daillon ,  Louis XVI"},"content":{"rendered":"<p>Paire de fauteuils style\u00a0 LXVI ; XIX i\u00e9me si\u00e8cle\u00a0 en noyer , dossier \u00e0 \u00a0 m\u00e9daillon.<br \/>\nfauteuil \u00e0 l&rsquo;ossature chevill\u00e9e, tapisserie \u00e0 pr\u00e9voir.<br \/>\ndimensions : largeur assise<br \/>\nPrix :450\u20ac la paire<br \/>\nR\u00e9f :I V<a href=\"https:\/\/brocanta.fr\/wp-content\/uploads\/2016\/12\/DSCN2588.jpg\"><img loading=\"lazy\" decoding=\"async\" class=\"aligncenter size-full wp-image-2446\" src=\"https:\/\/brocanta.fr\/wp-content\/uploads\/2016\/12\/DSCN2588.jpg\" alt=\"dscn2588\" width=\"1200\" height=\"675\" srcset=\"https:\/\/brocanta.fr\/wp-content\/uploads\/2016\/12\/DSCN2588.jpg 1200w, https:\/\/brocanta.fr\/wp-content\/uploads\/2016\/12\/DSCN2588-300x169.jpg 300w, https:\/\/brocanta.fr\/wp-content\/uploads\/2016\/12\/DSCN2588-1024x576.jpg 1024w\" sizes=\"auto, (max-width: 1200px) 100vw, 1200px\" \/><\/a><a href=\"https:\/\/brocanta.fr\/wp-content\/uploads\/2016\/12\/DSCN2590.jpg\"><img loading=\"lazy\" decoding=\"async\" class=\"aligncenter size-full wp-image-2447\" src=\"https:\/\/brocanta.fr\/wp-content\/uploads\/2016\/12\/DSCN2590.jpg\" alt=\"dscn2590\" width=\"1080\" height=\"1920\" srcset=\"https:\/\/brocanta.fr\/wp-content\/uploads\/2016\/12\/DSCN2590.jpg 1080w, https:\/\/brocanta.fr\/wp-content\/uploads\/2016\/12\/DSCN2590-169x300.jpg 169w, https:\/\/brocanta.fr\/wp-content\/uploads\/2016\/12\/DSCN2590-576x1024.jpg 576w\" sizes=\"auto, (max-width: 1080px) 100vw, 1080px\" \/><\/a><a href=\"https:\/\/brocanta.fr\/wp-content\/uploads\/2016\/12\/DSCN2586.jpg\"><img loading=\"lazy\" decoding=\"async\" class=\"aligncenter size-full wp-image-2448\" src=\"https:\/\/brocanta.fr\/wp-content\/uploads\/2016\/12\/DSCN2586.jpg\" alt=\"dscn2586\" width=\"1231\" height=\"1080\" srcset=\"https:\/\/brocanta.fr\/wp-content\/uploads\/2016\/12\/DSCN2586.jpg 1231w, https:\/\/brocanta.fr\/wp-content\/uploads\/2016\/12\/DSCN2586-300x263.jpg 300w, https:\/\/brocanta.fr\/wp-content\/uploads\/2016\/12\/DSCN2586-1024x898.jpg 1024w\" sizes=\"auto, (max-width: 1231px) 100vw, 1231px\" \/><\/a><\/p>\n","protected":false},"excerpt":{"rendered":"<p>Paire de fauteuils style\u00a0 LXVI ; XIX i\u00e9me si\u00e8cle\u00a0 en noyer , dossier \u00e0 \u00a0 m\u00e9daillon. fauteuil \u00e0 l&rsquo;ossature chevill\u00e9e, tapisserie \u00e0 pr\u00e9voir. dimensions : largeur assise Prix :450\u20ac la paire R\u00e9f :I V<\/p>\n","protected":false},"author":1,"featured_media":0,"comment_status":"closed","ping_status":"closed","sticky":false,"template":"","format":"standard","meta":{"footnotes":""},"categories":[25],"tags":[208,96],"class_list":["post-2445","post","type-post","status-publish","format-standard","hentry","category-fauteuils","tag-fauteuil","tag-fauteuils-style-louis-xvi"],"_links":{"self":[{"href":"https:\/\/brocanta.fr\/index.php?rest_route=\/wp\/v2\/posts\/2445","targetHints":{"allow":["GET"]}}],"collection":[{"href":"https:\/\/brocanta.fr\/index.php?rest_route=\/wp\/v2\/posts"}],"about":[{"href":"https:\/\/brocanta.fr\/index.php?rest_route=\/wp\/v2\/types\/post"}],"author":[{"embeddable":true,"href":"https:\/\/brocanta.fr\/index.php?rest_route=\/wp\/v2\/users\/1"}],"replies":[{"embeddable":true,"href":"https:\/\/brocanta.fr\/index.php?rest_route=%2Fwp%2Fv2%2Fcomments&post=2445"}],"version-history":[{"count":3,"href":"https:\/\/brocanta.fr\/index.php?rest_route=\/wp\/v2\/posts\/2445\/revisions"}],"predecessor-version":[{"id":2450,"href":"https:\/\/brocanta.fr\/index.php?rest_route=\/wp\/v2\/posts\/2445\/revisions\/2450"}],"wp:attachment":[{"href":"https:\/\/brocanta.fr\/index.php?rest_route=%2Fwp%2Fv2%2Fmedia&parent=2445"}],"wp:term":[{"taxonomy":"category","embeddable":true,"href":"https:\/\/brocanta.fr\/index.php?rest_route=%2Fwp%2Fv2%2Fcategories&post=2445"},{"taxonomy":"post_tag","embeddable":true,"href":"https:\/\/brocanta.fr\/index.php?rest_route=%2Fwp%2Fv2%2Ftags&post=2445"}],"curies":[{"name":"wp","href":"https:\/\/api.w.org\/{rel}","templated":true}]}}