{"id":4869,"date":"2018-11-27T19:29:27","date_gmt":"2018-11-27T19:29:27","guid":{"rendered":"http:\/\/brocanta.fr\/?p=4869"},"modified":"2018-11-27T19:31:54","modified_gmt":"2018-11-27T19:31:54","slug":"dessous-plat-musical-le-favori","status":"publish","type":"post","link":"https:\/\/brocanta.fr\/?p=4869","title":{"rendered":"Dessous plat musical \u00ab\u00a0Le Favori\u00a0\u00bb"},"content":{"rendered":"<p>Dessous plat musical \u00ab\u00a0Le Favori\u00a0\u00bb au carreau de fa\u00efence en Longwy.<br \/>\nMusique \u00ab\u00a0Fr\u00e8re Jacques\u00a0\u00bb. Dessous plat en tr\u00e8s bon \u00e9tat.<br \/>\ndimensions du carreau 20cm x 20cm<br \/>\ndu plateau 29cmx29cm<br \/>\nR\u00e9f ; J L<br \/>\nPrix : 100\u20ac<br \/>\n<a href=\"https:\/\/brocanta.fr\/?attachment_id=4870\" rel=\"attachment wp-att-4870\"><img loading=\"lazy\" decoding=\"async\" class=\"aligncenter size-medium wp-image-4870\" src=\"https:\/\/brocanta.fr\/wp-content\/uploads\/2018\/11\/DSCN5647-2-300x245.jpg\" alt=\"\" width=\"300\" height=\"245\" srcset=\"https:\/\/brocanta.fr\/wp-content\/uploads\/2018\/11\/DSCN5647-2-300x245.jpg 300w, https:\/\/brocanta.fr\/wp-content\/uploads\/2018\/11\/DSCN5647-2-768x627.jpg 768w, https:\/\/brocanta.fr\/wp-content\/uploads\/2018\/11\/DSCN5647-2-1024x835.jpg 1024w, https:\/\/brocanta.fr\/wp-content\/uploads\/2018\/11\/DSCN5647-2.jpg 1227w\" sizes=\"auto, (max-width: 300px) 100vw, 300px\" \/><\/a><a href=\"https:\/\/brocanta.fr\/?attachment_id=4871\" rel=\"attachment wp-att-4871\"><img loading=\"lazy\" decoding=\"async\" class=\"aligncenter size-medium wp-image-4871\" src=\"https:\/\/brocanta.fr\/wp-content\/uploads\/2018\/11\/DSCN5648-2-300x174.jpg\" alt=\"\" width=\"300\" height=\"174\" srcset=\"https:\/\/brocanta.fr\/wp-content\/uploads\/2018\/11\/DSCN5648-2-300x174.jpg 300w, https:\/\/brocanta.fr\/wp-content\/uploads\/2018\/11\/DSCN5648-2-768x446.jpg 768w, https:\/\/brocanta.fr\/wp-content\/uploads\/2018\/11\/DSCN5648-2-1024x595.jpg 1024w, https:\/\/brocanta.fr\/wp-content\/uploads\/2018\/11\/DSCN5648-2.jpg 1483w\" sizes=\"auto, (max-width: 300px) 100vw, 300px\" \/><\/a><a href=\"https:\/\/brocanta.fr\/?attachment_id=4872\" rel=\"attachment wp-att-4872\"><img loading=\"lazy\" decoding=\"async\" class=\"aligncenter size-medium wp-image-4872\" src=\"https:\/\/brocanta.fr\/wp-content\/uploads\/2018\/11\/DSCN5649-300x229.jpg\" alt=\"\" width=\"300\" height=\"229\" srcset=\"https:\/\/brocanta.fr\/wp-content\/uploads\/2018\/11\/DSCN5649-300x229.jpg 300w, https:\/\/brocanta.fr\/wp-content\/uploads\/2018\/11\/DSCN5649-768x587.jpg 768w, https:\/\/brocanta.fr\/wp-content\/uploads\/2018\/11\/DSCN5649-1024x783.jpg 1024w, https:\/\/brocanta.fr\/wp-content\/uploads\/2018\/11\/DSCN5649.jpg 1291w\" sizes=\"auto, (max-width: 300px) 100vw, 300px\" \/><\/a><\/p>\n","protected":false},"excerpt":{"rendered":"<p>Dessous plat musical \u00ab\u00a0Le Favori\u00a0\u00bb au carreau de fa\u00efence en Longwy. Musique \u00ab\u00a0Fr\u00e8re Jacques\u00a0\u00bb. Dessous plat en tr\u00e8s bon \u00e9tat. dimensions du carreau 20cm x 20cm du plateau 29cmx29cm R\u00e9f ; J L Prix : 100\u20ac<\/p>\n","protected":false},"author":1,"featured_media":0,"comment_status":"closed","ping_status":"closed","sticky":false,"template":"","format":"standard","meta":{"footnotes":""},"categories":[4,44,12,5,8],"tags":[530],"class_list":["post-4869","post","type-post","status-publish","format-standard","hentry","category-bibelots","category-brocante","category-collection","category-decoration","category-faiences","tag-dessous-plat-musical"],"_links":{"self":[{"href":"https:\/\/brocanta.fr\/index.php?rest_route=\/wp\/v2\/posts\/4869","targetHints":{"allow":["GET"]}}],"collection":[{"href":"https:\/\/brocanta.fr\/index.php?rest_route=\/wp\/v2\/posts"}],"about":[{"href":"https:\/\/brocanta.fr\/index.php?rest_route=\/wp\/v2\/types\/post"}],"author":[{"embeddable":true,"href":"https:\/\/brocanta.fr\/index.php?rest_route=\/wp\/v2\/users\/1"}],"replies":[{"embeddable":true,"href":"https:\/\/brocanta.fr\/index.php?rest_route=%2Fwp%2Fv2%2Fcomments&post=4869"}],"version-history":[{"count":2,"href":"https:\/\/brocanta.fr\/index.php?rest_route=\/wp\/v2\/posts\/4869\/revisions"}],"predecessor-version":[{"id":4874,"href":"https:\/\/brocanta.fr\/index.php?rest_route=\/wp\/v2\/posts\/4869\/revisions\/4874"}],"wp:attachment":[{"href":"https:\/\/brocanta.fr\/index.php?rest_route=%2Fwp%2Fv2%2Fmedia&parent=4869"}],"wp:term":[{"taxonomy":"category","embeddable":true,"href":"https:\/\/brocanta.fr\/index.php?rest_route=%2Fwp%2Fv2%2Fcategories&post=4869"},{"taxonomy":"post_tag","embeddable":true,"href":"https:\/\/brocanta.fr\/index.php?rest_route=%2Fwp%2Fv2%2Ftags&post=4869"}],"curies":[{"name":"wp","href":"https:\/\/api.w.org\/{rel}","templated":true}]}}