{"id":6099,"date":"2021-11-22T19:34:17","date_gmt":"2021-11-22T19:34:17","guid":{"rendered":"http:\/\/brocanta.fr\/?p=6099"},"modified":"2022-11-17T18:36:10","modified_gmt":"2022-11-17T18:36:10","slug":"lot-de-huit-assiettes-en-digoin-anciennes","status":"publish","type":"post","link":"https:\/\/brocanta.fr\/?p=6099","title":{"rendered":"lot de huit assiettes en Digoin anciennes"},"content":{"rendered":"\n<p>S\u00e9rie de huit assiettes  se composant de quatre plates et de quatre creuses en fa\u00efence de couleur rose, de Digoin Sarreguemines.Ces assiettes datent des ann\u00e9es 40\/50, elles sont en bon \u00e9tat (pas de  f\u00eale ,). Dimension : 23cm diam\u00e8tre . vendu<br><br><\/p>\n\n\n\n<div class=\"wp-block-image\"><figure class=\"aligncenter is-resized\"><img loading=\"lazy\" decoding=\"async\" src=\"https:\/\/brocanta.fr\/wp-content\/uploads\/2021\/11\/DSCN9380-2-1024x937.jpg\" alt=\"\" class=\"wp-image-6100\" width=\"448\" height=\"409\" srcset=\"https:\/\/brocanta.fr\/wp-content\/uploads\/2021\/11\/DSCN9380-2-1024x937.jpg 1024w, https:\/\/brocanta.fr\/wp-content\/uploads\/2021\/11\/DSCN9380-2-300x275.jpg 300w, https:\/\/brocanta.fr\/wp-content\/uploads\/2021\/11\/DSCN9380-2-768x703.jpg 768w, https:\/\/brocanta.fr\/wp-content\/uploads\/2021\/11\/DSCN9380-2.jpg 1050w\" sizes=\"auto, (max-width: 448px) 100vw, 448px\" \/><\/figure><\/div>\n\n\n\n<div class=\"wp-block-image\"><figure class=\"aligncenter is-resized\"><img loading=\"lazy\" decoding=\"async\" src=\"https:\/\/brocanta.fr\/wp-content\/uploads\/2021\/11\/DSCN9384-4-1024x768.jpg\" alt=\"\" class=\"wp-image-6101\" width=\"455\" height=\"341\" srcset=\"https:\/\/brocanta.fr\/wp-content\/uploads\/2021\/11\/DSCN9384-4-1024x768.jpg 1024w, https:\/\/brocanta.fr\/wp-content\/uploads\/2021\/11\/DSCN9384-4-300x225.jpg 300w, https:\/\/brocanta.fr\/wp-content\/uploads\/2021\/11\/DSCN9384-4-768x576.jpg 768w, https:\/\/brocanta.fr\/wp-content\/uploads\/2021\/11\/DSCN9384-4.jpg 1547w\" sizes=\"auto, (max-width: 455px) 100vw, 455px\" \/><\/figure><\/div>\n\n\n\n<div class=\"wp-block-image\"><figure class=\"aligncenter is-resized\"><img loading=\"lazy\" decoding=\"async\" src=\"https:\/\/brocanta.fr\/wp-content\/uploads\/2021\/11\/DSCN9383-2-1024x768.jpg\" alt=\"\" class=\"wp-image-6102\" width=\"462\" height=\"347\" srcset=\"https:\/\/brocanta.fr\/wp-content\/uploads\/2021\/11\/DSCN9383-2-1024x768.jpg 1024w, https:\/\/brocanta.fr\/wp-content\/uploads\/2021\/11\/DSCN9383-2-300x225.jpg 300w, https:\/\/brocanta.fr\/wp-content\/uploads\/2021\/11\/DSCN9383-2-768x576.jpg 768w, https:\/\/brocanta.fr\/wp-content\/uploads\/2021\/11\/DSCN9383-2.jpg 1300w\" sizes=\"auto, (max-width: 462px) 100vw, 462px\" \/><\/figure><\/div>\n\n\n\n<div class=\"wp-block-image\"><figure class=\"aligncenter is-resized\"><img loading=\"lazy\" decoding=\"async\" src=\"https:\/\/brocanta.fr\/wp-content\/uploads\/2021\/11\/DSCN9384-3.jpg\" alt=\"\" class=\"wp-image-6103\" width=\"466\" height=\"373\" srcset=\"https:\/\/brocanta.fr\/wp-content\/uploads\/2021\/11\/DSCN9384-3.jpg 889w, https:\/\/brocanta.fr\/wp-content\/uploads\/2021\/11\/DSCN9384-3-300x240.jpg 300w, https:\/\/brocanta.fr\/wp-content\/uploads\/2021\/11\/DSCN9384-3-768x615.jpg 768w\" sizes=\"auto, (max-width: 466px) 100vw, 466px\" \/><\/figure><\/div>\n\n\n\n<div class=\"wp-block-image\"><figure class=\"aligncenter is-resized\"><img loading=\"lazy\" decoding=\"async\" src=\"https:\/\/brocanta.fr\/wp-content\/uploads\/2021\/11\/DSCN9384-2.jpg\" alt=\"\" class=\"wp-image-6104\" width=\"465\" height=\"349\" srcset=\"https:\/\/brocanta.fr\/wp-content\/uploads\/2021\/11\/DSCN9384-2.jpg 925w, https:\/\/brocanta.fr\/wp-content\/uploads\/2021\/11\/DSCN9384-2-300x225.jpg 300w, https:\/\/brocanta.fr\/wp-content\/uploads\/2021\/11\/DSCN9384-2-768x576.jpg 768w\" sizes=\"auto, (max-width: 465px) 100vw, 465px\" \/><\/figure><\/div>\n","protected":false},"excerpt":{"rendered":"<p>S\u00e9rie de huit assiettes se composant de quatre plates et de quatre creuses en fa\u00efence de couleur rose, de Digoin Sarreguemines.Ces assiettes datent des ann\u00e9es 40\/50, elles sont en bon \u00e9tat (pas de f\u00eale ,). Dimension : 23cm diam\u00e8tre . vendu<\/p>\n","protected":false},"author":1,"featured_media":0,"comment_status":"closed","ping_status":"closed","sticky":false,"template":"","format":"standard","meta":{"footnotes":""},"categories":[4,44,8],"tags":[],"class_list":["post-6099","post","type-post","status-publish","format-standard","hentry","category-bibelots","category-brocante","category-faiences"],"_links":{"self":[{"href":"https:\/\/brocanta.fr\/index.php?rest_route=\/wp\/v2\/posts\/6099","targetHints":{"allow":["GET"]}}],"collection":[{"href":"https:\/\/brocanta.fr\/index.php?rest_route=\/wp\/v2\/posts"}],"about":[{"href":"https:\/\/brocanta.fr\/index.php?rest_route=\/wp\/v2\/types\/post"}],"author":[{"embeddable":true,"href":"https:\/\/brocanta.fr\/index.php?rest_route=\/wp\/v2\/users\/1"}],"replies":[{"embeddable":true,"href":"https:\/\/brocanta.fr\/index.php?rest_route=%2Fwp%2Fv2%2Fcomments&post=6099"}],"version-history":[{"count":3,"href":"https:\/\/brocanta.fr\/index.php?rest_route=\/wp\/v2\/posts\/6099\/revisions"}],"predecessor-version":[{"id":6463,"href":"https:\/\/brocanta.fr\/index.php?rest_route=\/wp\/v2\/posts\/6099\/revisions\/6463"}],"wp:attachment":[{"href":"https:\/\/brocanta.fr\/index.php?rest_route=%2Fwp%2Fv2%2Fmedia&parent=6099"}],"wp:term":[{"taxonomy":"category","embeddable":true,"href":"https:\/\/brocanta.fr\/index.php?rest_route=%2Fwp%2Fv2%2Fcategories&post=6099"},{"taxonomy":"post_tag","embeddable":true,"href":"https:\/\/brocanta.fr\/index.php?rest_route=%2Fwp%2Fv2%2Ftags&post=6099"}],"curies":[{"name":"wp","href":"https:\/\/api.w.org\/{rel}","templated":true}]}}